{"id":3791,"date":"2026-04-06T14:14:50","date_gmt":"2026-04-06T17:14:50","guid":{"rendered":"https:\/\/isfd45-bue.infd.edu.ar\/sitio\/?p=3791"},"modified":"2026-04-06T14:19:06","modified_gmt":"2026-04-06T17:19:06","slug":"nuestro-45-aniversario","status":"publish","type":"post","link":"https:\/\/isfd45-bue.infd.edu.ar\/sitio\/nuestro-45-aniversario\/","title":{"rendered":"Nuestro 45 aniversario"},"content":{"rendered":"\n<p><strong>Querida comunidad educativa:<\/strong><\/p>\n\n\n\n<p>Hoy, <strong>6 de abril<\/strong>, conmemoramos el <strong>45\u00b0 Aniversario<\/strong> de la fundaci\u00f3n de nuestro Instituto. Son 45 a\u00f1os de un camino compartido, reafirmando diariamente nuestro compromiso con la <strong>formaci\u00f3n docente<\/strong> y la <strong>educaci\u00f3n como un derecho<\/strong> inalienable.<\/p>\n\n\n\n<p>Desde 1981, el ISFD N\u00b0 45 \u00abJulio Cort\u00e1zar\u00bb ha sido un pilar en la regi\u00f3n, formando profesionales con pensamiento cr\u00edtico y compromiso social. En este aniversario, m\u00e1s que una celebraci\u00f3n, renovamos nuestra vocaci\u00f3n de servicio y el orgullo de pertenecer a esta instituci\u00f3n p\u00fablica.<\/p>\n\n\n\n<p>Agradecemos a cada docente, estudiante, auxiliar y directivo que, con su labor silenciosa y constante, construye la historia de nuestra casa de estudios.<\/p>\n\n\n\n<p><em>\u00abLa educaci\u00f3n no cambia el mundo, cambia a las personas que van a cambiar el mundo.\u00bb<\/em> \u2014 Paulo Freire.<\/p>\n","protected":false},"excerpt":{"rendered":"<p>Querida comunidad educativa: Hoy, 6 de abril, conmemoramos el 45\u00b0 Aniversario de la fundaci\u00f3n de nuestro Instituto. Son 45 a\u00f1os de un camino compartido, reafirmando diariamente nuestro compromiso con la formaci\u00f3n docente y la educaci\u00f3n como un derecho inalienable. Desde 1981, el ISFD N\u00b0 45 \u00abJulio Cort\u00e1zar\u00bb ha sido un pilar en la regi\u00f3n, formando &#8230; <a title=\"Nuestro 45 aniversario\" class=\"read-more\" href=\"https:\/\/isfd45-bue.infd.edu.ar\/sitio\/nuestro-45-aniversario\/\" aria-label=\"More on Nuestro 45 aniversario\">[+]<\/a><\/p>\n","protected":false},"author":3142,"featured_media":3792,"comment_status":"open","ping_status":"open","sticky":false,"template":"","format":"standard","meta":[],"categories":[1],"tags":[],"acf":[],"_links":{"self":[{"href":"https:\/\/isfd45-bue.infd.edu.ar\/sitio\/wp-json\/wp\/v2\/posts\/3791"}],"collection":[{"href":"https:\/\/isfd45-bue.infd.edu.ar\/sitio\/wp-json\/wp\/v2\/posts"}],"about":[{"href":"https:\/\/isfd45-bue.infd.edu.ar\/sitio\/wp-json\/wp\/v2\/types\/post"}],"author":[{"embeddable":true,"href":"https:\/\/isfd45-bue.infd.edu.ar\/sitio\/wp-json\/wp\/v2\/users\/3142"}],"replies":[{"embeddable":true,"href":"https:\/\/isfd45-bue.infd.edu.ar\/sitio\/wp-json\/wp\/v2\/comments?post=3791"}],"version-history":[{"count":1,"href":"https:\/\/isfd45-bue.infd.edu.ar\/sitio\/wp-json\/wp\/v2\/posts\/3791\/revisions"}],"predecessor-version":[{"id":3793,"href":"https:\/\/isfd45-bue.infd.edu.ar\/sitio\/wp-json\/wp\/v2\/posts\/3791\/revisions\/3793"}],"wp:featuredmedia":[{"embeddable":true,"href":"https:\/\/isfd45-bue.infd.edu.ar\/sitio\/wp-json\/wp\/v2\/media\/3792"}],"wp:attachment":[{"href":"https:\/\/isfd45-bue.infd.edu.ar\/sitio\/wp-json\/wp\/v2\/media?parent=3791"}],"wp:term":[{"taxonomy":"category","embeddable":true,"href":"https:\/\/isfd45-bue.infd.edu.ar\/sitio\/wp-json\/wp\/v2\/categories?post=3791"},{"taxonomy":"post_tag","embeddable":true,"href":"https:\/\/isfd45-bue.infd.edu.ar\/sitio\/wp-json\/wp\/v2\/tags?post=3791"}],"curies":[{"name":"wp","href":"https:\/\/api.w.org\/{rel}","templated":true}]}}